[{"@context":"https:\/\/schema.org\/","@type":"Article","@id":"https:\/\/www.urhmp.cz\/znate-luzicke-hory\/#Article","mainEntityOfPage":"https:\/\/www.urhmp.cz\/znate-luzicke-hory\/","headline":"Zn\u00e1te Lu\u017eick\u00e9 hory","name":"Zn\u00e1te Lu\u017eick\u00e9 hory","description":"Lu\u017eick\u00e9 hory jsou geomorfologick\u00fdm celkem, kter\u00fd na na\u0161em \u00fazem\u00ed zauj\u00edm\u00e1 prostor mezi Varnsdorfem, \u010ceskou Kamenic\u00ed, Nov\u00fdm Borem, Hr\u00e1dkem nad Nisou a hranic\u00ed s\u00a0N\u011bmeckem. Dalo by se \u0159\u00edci, \u017ee se jedn\u00e1 o zapomenutou oblast, kam se nehrne skoro nikdo z\u00a0turist\u016f. Poho\u0159\u00ed nen\u00ed optim\u00e1ln\u00ed pro ly\u017eov\u00e1n\u00ed, i kdy\u017e se tu nach\u00e1z\u00ed n\u011bkolik ly\u017ea\u0159sk\u00fdch are\u00e1l\u016f, nejsou to p\u0159ece [&hellip;]","datePublished":"2021-12-11","dateModified":"2023-05-07","author":{"@type":"Person","@id":"https:\/\/www.urhmp.cz\/author\/#Person","name":"","url":"https:\/\/www.urhmp.cz\/author\/","identifier":1,"image":{"@type":"ImageObject","@id":"https:\/\/secure.gravatar.com\/avatar\/9bd672608a9ea50cfcb35956b7f63dacf48dece49eb907e6bdd72bedd9991f24?s=96&d=mm&r=g","url":"https:\/\/secure.gravatar.com\/avatar\/9bd672608a9ea50cfcb35956b7f63dacf48dece49eb907e6bdd72bedd9991f24?s=96&d=mm&r=g","height":96,"width":96}},"publisher":{"@type":"Organization","name":"urhmp.cz","logo":{"@type":"ImageObject","@id":"\/logo.png","url":"\/logo.png","width":600,"height":60}},"image":{"@type":"ImageObject","@id":"https:\/\/www.urhmp.cz\/wp-content\/uploads\/czech-republic-2722320_640_3.jpg","url":"https:\/\/www.urhmp.cz\/wp-content\/uploads\/czech-republic-2722320_640_3.jpg","height":0,"width":0},"url":"https:\/\/www.urhmp.cz\/znate-luzicke-hory\/","about":["Cestov\u00e1n\u00ed"],"wordCount":433,"articleBody":"Lu\u017eick\u00e9 hory jsou geomorfologick\u00fdm celkem, kter\u00fd na na\u0161em \u00fazem\u00ed zauj\u00edm\u00e1 prostor mezi Varnsdorfem, \u010ceskou Kamenic\u00ed, Nov\u00fdm Borem, Hr\u00e1dkem nad Nisou a hranic\u00ed s\u00a0N\u011bmeckem. Dalo by se \u0159\u00edci, \u017ee se jedn\u00e1 o zapomenutou oblast, kam se nehrne skoro nikdo z\u00a0turist\u016f. Poho\u0159\u00ed nen\u00ed optim\u00e1ln\u00ed pro ly\u017eov\u00e1n\u00ed, i kdy\u017e se tu nach\u00e1z\u00ed n\u011bkolik ly\u017ea\u0159sk\u00fdch are\u00e1l\u016f, nejsou to p\u0159ece jen Krkono\u0161e s\u00a0vy\u0161\u0161\u00ed nadmo\u0159skou v\u00fd\u0161kou. Napadne-li dostatek p\u0159\u00edrodn\u00edho sn\u011bhu, jsou tu ov\u0161em k\u00a0dispozici zaj\u00edmav\u00e9 trat\u011b pro b\u011b\u017eka\u0159e.Lu\u017eick\u00e9 hory o\u017e\u00edvaj\u00ed zejm\u00e9na na ja\u0159e, koncem dubna za\u010d\u00ednaj\u00ed kv\u00e9st prvn\u00ed rostliny a stromy se za\u010d\u00ednaj\u00ed zelenat, a to b\u00fdv\u00e1 prvn\u00edm podn\u011btem k\u00a0v\u00fdlet\u016fm do p\u0159\u00edrody. Od jara do podzimu v\u00e1s tu p\u0159\u00edrodn\u00ed bohatstv\u00ed okouzl\u00ed svou rozmanitost\u00ed, a kdo tento kraj dob\u0159e zn\u00e1, potvrd\u00ed v\u00e1m, \u017ee pat\u0159\u00ed k\u00a0nejkr\u00e1sn\u011bj\u0161\u00edm v\u00a0cel\u00e9 Evrop\u011b, a mo\u017en\u00e1 i na sv\u011bt\u011b. \u010cesk\u00e1 republika m\u00e1 obecn\u011b velk\u00e9 \u0161t\u011bst\u00ed na svou polohu, je obklopena z\u00a0v\u011bt\u0161\u00ed \u010d\u00e1sti horsk\u00fdmi celky a ty pr\u00e1v\u011b vytv\u00e1\u0159\u00ed p\u0159ekr\u00e1sn\u00e9 prost\u0159ed\u00ed pro \u017eivot, mnohem zaj\u00edmav\u011bj\u0161\u00ed a pest\u0159ej\u0161\u00ed, ne\u017e ve m\u011bstech.Lu\u017eick\u00e9 hory ukr\u00fdvaj\u00ed mnoho zaj\u00edmavost\u00ed, kter\u00e9 jinde nespat\u0159\u00edteKdo z\u00a0v\u00e1s se do t\u011bchto kon\u010din chyst\u00e1 vypravit, nem\u011bl by si nechat uj\u00edt p\u0159\u00edle\u017eitost k\u00a0v\u00fdstupu na horu Lu\u017e \u2013 nejvy\u0161\u0161\u00ed bod Lu\u017eick\u00fdch hor. Je to dominantn\u00ed kopec s\u00a0velk\u00fdm p\u0159ev\u00fd\u0161en\u00edm v\u016f\u010di okoln\u00edmu ter\u00e9nu a z\u00a0vrcholu je tak\u00e9 \u00fachvatn\u00fd v\u00fdhled do okol\u00ed, zejm\u00e9na na n\u011bmeck\u00fd Waltersdorf, \u010desk\u00fd Varnsdorf a samoz\u0159ejm\u011b na panorama tohoto horsk\u00e9ho celku.Ledov\u00e1 jeskyn\u011b \u2013 i v\u00a0l\u00e9t\u011b je uvnit\u0159 jeskyn\u011b takov\u00fd chlad, \u017ee se tu udr\u017e\u00ed ledov\u00e1 vrstva po cel\u00fd rok. Je to jedin\u00e1 ledov\u00e1 jeskyn\u011b na na\u0161em \u00fazem\u00ed.Tis\u00edc let star\u00fd tis \u2013 u obce Krompach byste si mohli prohl\u00e9dnout v\u00fdjime\u010dn\u00fd p\u0159\u00edrodn\u00ed \u00fakaz, je to \u00fadajn\u011b nejstar\u0161\u00ed strom, kter\u00fd se nach\u00e1z\u00ed na na\u0161em \u00fazem\u00ed. Obvod kmene dosahuje d\u00e9lky p\u0159es \u010dty\u0159i metry. Podle nov\u011bj\u0161\u00edch m\u011b\u0159en\u00ed je v\u0161ak tis mnohem mlad\u0161\u00ed, jeho st\u00e1\u0159\u00ed se dnes odhaduje na \u201epouh\u00e1\u201c \u010dty\u0159i stolet\u00ed. Ka\u017edop\u00e1dn\u011b lze \u0159\u00edci, \u017ee strom p\u0159e\u017eil ob\u011b sv\u011btov\u00e9 v\u00e1lky, a mo\u017en\u00e1 p\u0159e\u017eije i v\u00e1s.                                                                                                                                                                                                                                                                                                                                                                                        4.3\/5 - (13 votes)        "},{"@context":"https:\/\/schema.org\/","@type":"BreadcrumbList","itemListElement":[{"@type":"ListItem","position":1,"name":"Zn\u00e1te Lu\u017eick\u00e9 hory","item":"https:\/\/www.urhmp.cz\/znate-luzicke-hory\/#breadcrumbitem"}]}]